{"id":4701,"date":"2018-07-15T09:45:46","date_gmt":"2018-07-15T07:45:46","guid":{"rendered":"http:\/\/www.oevp-vm.at\/?p=4701"},"modified":"2018-07-25T09:54:54","modified_gmt":"2018-07-25T07:54:54","slug":"starke-leistung-der-voecklamarkter-bei-den-special-olympics-in-voecklabruck-auf-allen-ebenen","status":"publish","type":"post","link":"http:\/\/www.oevp-vm.at\/?p=4701","title":{"rendered":"Starke Leistung der V\u00f6cklamarkter bei den Special Olympics in V\u00f6cklabruck auf allen Ebenen."},"content":{"rendered":"<div id=\"attachment_4705\" style=\"width: 138px\" class=\"wp-caption alignright\"><img aria-describedby=\"caption-attachment-4705\" loading=\"lazy\" class=\"wp-image-4705 \" src=\"http:\/\/www.oevp-vm.at\/wp-content\/uploads\/2018\/07\/GV-Lohninger-150x150.png\" alt=\" GV Gerald Lohninger\" width=\"128\" height=\"128\" srcset=\"http:\/\/www.oevp-vm.at\/wp-content\/uploads\/2018\/07\/GV-Lohninger-150x150.png 150w, http:\/\/www.oevp-vm.at\/wp-content\/uploads\/2018\/07\/GV-Lohninger.png 161w\" sizes=\"(max-width: 128px) 100vw, 128px\" \/><p id=\"caption-attachment-4705\" class=\"wp-caption-text\">GV Gerald Lohninger<\/p><\/div>\n<p>Es g\u00e4be viel zu sagen aber ich glaube das Wichtigste ist Danke, Danke und nochmals Danke an Mayr Werner und Fuchs Helmut, sowie dem Tischtennis-Team um Karl Schneewei\u00df und Herbert Teufl mit ihrem gesamten Team f\u00fcr ihren unerm\u00fcdlichen und gro\u00dfartigen Einsatz im Rahmen der diesj\u00e4hrigen Special Olympics in V\u00f6cklabruck. Alles V\u00f6cklamarkter Urgesteine, ohne die diese Veranstaltung nicht zu so einem \u00fcberw\u00e4ltigten Fest geworden w\u00e4re.<\/p>\n<p><img loading=\"lazy\" class=\"size-medium wp-image-4702 aligncenter\" src=\"http:\/\/www.oevp-vm.at\/wp-content\/uploads\/2018\/07\/special-olympics-300x201.png\" alt=\"\" width=\"300\" height=\"201\" srcset=\"http:\/\/www.oevp-vm.at\/wp-content\/uploads\/2018\/07\/special-olympics-300x201.png 300w, http:\/\/www.oevp-vm.at\/wp-content\/uploads\/2018\/07\/special-olympics-150x100.png 150w, http:\/\/www.oevp-vm.at\/wp-content\/uploads\/2018\/07\/special-olympics.png 671w\" sizes=\"(max-width: 300px) 100vw, 300px\" \/><br \/>\n4 Tage lang k\u00e4mpften knapp 1500 Athleten in 18 Sportarten um die begehrten Medaillen in V\u00f6cklabruck, V\u00f6cklamarkt und Umgebung.<br \/>\n10000 Zuschauer jubelten ihnen am Er\u00f6ffnungsabend und beim grandiosen Finale zu.<br \/>\nAuch die V\u00f6cklamarkter Tagesheimst\u00e4tte war hervorragend vertreten.<br \/>\nMit Daniel Gruber und Johannes Hartl holten sie 3 Gold- und eine Bronzemedaille nach V\u00f6cklamarkt. Herzlichen Gl\u00fcckwunsch an die beiden und an das gesamte V\u00f6cklamarkter Betreuer-Team.<\/p>\n<hr \/>\n<p><strong>Nochmals Danke an Werner Mayr, Helmut Fuchs und den \u201eFoxes\u201c, <\/strong><strong>dem Tischtennisteam um Karl Schneewei\u00df und Herbert Teufl, aber auch den vielen Volunteuren und Helfern aus V\u00f6cklamarkt, die Special Olympics in V\u00f6cklabruck zu so gro\u00dfem <\/strong><strong>Erfolg verhalfen.<\/strong><\/p>\n","protected":false},"excerpt":{"rendered":"<p>Es g\u00e4be viel zu sagen aber ich glaube das Wichtigste ist Danke, Danke und nochmals Danke an Mayr Werner und Fuchs Helmut, sowie dem Tischtennis-Team um Karl Schneewei\u00df und Herbert Teufl mit ihrem gesamten Team f\u00fcr ihren unerm\u00fcdlichen und gro\u00dfartigen Einsatz im Rahmen der diesj\u00e4hrigen Special Olympics in V\u00f6cklabruck. Alles V\u00f6cklamarkter Urgesteine, ohne die diese [&hellip;]<\/p>\n","protected":false},"author":2,"featured_media":0,"comment_status":"closed","ping_status":"closed","sticky":false,"template":"","format":"standard","meta":[],"categories":[18],"tags":[],"_links":{"self":[{"href":"http:\/\/www.oevp-vm.at\/index.php?rest_route=\/wp\/v2\/posts\/4701"}],"collection":[{"href":"http:\/\/www.oevp-vm.at\/index.php?rest_route=\/wp\/v2\/posts"}],"about":[{"href":"http:\/\/www.oevp-vm.at\/index.php?rest_route=\/wp\/v2\/types\/post"}],"author":[{"embeddable":true,"href":"http:\/\/www.oevp-vm.at\/index.php?rest_route=\/wp\/v2\/users\/2"}],"replies":[{"embeddable":true,"href":"http:\/\/www.oevp-vm.at\/index.php?rest_route=%2Fwp%2Fv2%2Fcomments&post=4701"}],"version-history":[{"count":5,"href":"http:\/\/www.oevp-vm.at\/index.php?rest_route=\/wp\/v2\/posts\/4701\/revisions"}],"predecessor-version":[{"id":4708,"href":"http:\/\/www.oevp-vm.at\/index.php?rest_route=\/wp\/v2\/posts\/4701\/revisions\/4708"}],"wp:attachment":[{"href":"http:\/\/www.oevp-vm.at\/index.php?rest_route=%2Fwp%2Fv2%2Fmedia&parent=4701"}],"wp:term":[{"taxonomy":"category","embeddable":true,"href":"http:\/\/www.oevp-vm.at\/index.php?rest_route=%2Fwp%2Fv2%2Fcategories&post=4701"},{"taxonomy":"post_tag","embeddable":true,"href":"http:\/\/www.oevp-vm.at\/index.php?rest_route=%2Fwp%2Fv2%2Ftags&post=4701"}],"curies":[{"name":"wp","href":"https:\/\/api.w.org\/{rel}","templated":true}]}}