{"id":4126,"date":"2016-07-12T09:48:10","date_gmt":"2016-07-12T07:48:10","guid":{"rendered":"http:\/\/www.oevp-vm.at\/?p=4126"},"modified":"2017-04-21T14:07:06","modified_gmt":"2017-04-21T12:07:06","slug":"konsulent-anton-durchner","status":"publish","type":"post","link":"http:\/\/www.oevp-vm.at\/?p=4126","title":{"rendered":"Konsulent Anton Durchner"},"content":{"rendered":"<div id=\"attachment_4128\" style=\"width: 310px\" class=\"wp-caption alignleft\"><a href=\"http:\/\/www.oevp-vm.at\/wp-content\/uploads\/2016\/07\/Durchner-Kopie.jpg\"><img aria-describedby=\"caption-attachment-4128\" loading=\"lazy\" class=\"size-medium wp-image-4128\" src=\"http:\/\/www.oevp-vm.at\/wp-content\/uploads\/2016\/07\/Durchner-Kopie-300x200.jpg\" alt=\"Landeshauptmann Dr. Josef P\u00fchringer \u00fcberreichte am 21.6.2016 an Anton Durchner das Ernennungsdekret f\u00fcr den Ehrentitel \u201eKonsulent f\u00fcr Volksbildung und Heimatpflege\u201c. Foto: Bgm. Josef Six \" width=\"300\" height=\"200\" srcset=\"http:\/\/www.oevp-vm.at\/wp-content\/uploads\/2016\/07\/Durchner-Kopie-300x200.jpg 300w, http:\/\/www.oevp-vm.at\/wp-content\/uploads\/2016\/07\/Durchner-Kopie-150x100.jpg 150w, http:\/\/www.oevp-vm.at\/wp-content\/uploads\/2016\/07\/Durchner-Kopie.jpg 475w\" sizes=\"(max-width: 300px) 100vw, 300px\" \/><\/a><p id=\"caption-attachment-4128\" class=\"wp-caption-text\">Landeshauptmann Dr. Josef P\u00fchringer \u00fcberreichte am 21.6.2016 an Anton Durchner das Ernennungsdekret f\u00fcr den Ehrentitel \u201eKonsulent f\u00fcr Volksbildung und Heimatpflege\u201c.<br \/>Foto: Bgm. Josef Six<\/p><\/div>\n<p>&nbsp;<\/p>\n<p>&nbsp;<\/p>\n<p>&nbsp;<\/p>\n<p>&nbsp;<\/p>\n<p>&nbsp;<\/p>\n<p>&nbsp;<\/p>\n<p>&nbsp;<\/p>\n<p>&nbsp;<\/p>\n<p>&nbsp;<\/p>\n<p>Am 5. September 2015 wurde das Heimathaus in V\u00f6cklamarkt er\u00f6ffnet, f\u00fcr dessen Entstehen sich Anton Durchner von der ersten Stunde an mitverantwortlich zeigte.<\/p>\n<p>Unz\u00e4hlige Stunden wendete er f\u00fcr die Adaptierung des Heimathauses auf und widmet sich nicht erst seit gestern der Heimatgeschichte und dem Brauchtum. Die damit verbundenen Werte will er auch in Zukunft der j\u00fcngeren Generation n\u00e4her bringen, wie er in seiner Dankesrede betonte.<\/p>\n<p>Anton Durchner kann als Synonym\u00a0 f\u00fcr gelebtes Ehrenamt bezeichnet werden. Neben seinem Engagement f\u00fcr das Feuerwehrwesen, leistet er seit vielen Jahren sozialen Dienst beim Roten Kreuz. Unter seiner Federf\u00fchrung entstand in V\u00f6cklamarkt der Sozialmarkt.<\/p>\n","protected":false},"excerpt":{"rendered":"<p>&nbsp; &nbsp; &nbsp; &nbsp; &nbsp; &nbsp; &nbsp; &nbsp; &nbsp; Am 5. September 2015 wurde das Heimathaus in V\u00f6cklamarkt er\u00f6ffnet, f\u00fcr dessen Entstehen sich Anton Durchner von der ersten Stunde an mitverantwortlich zeigte. Unz\u00e4hlige Stunden wendete er f\u00fcr die Adaptierung des Heimathauses auf und widmet sich nicht erst seit gestern der Heimatgeschichte und dem Brauchtum. Die [&hellip;]<\/p>\n","protected":false},"author":1,"featured_media":0,"comment_status":"closed","ping_status":"closed","sticky":false,"template":"","format":"standard","meta":[],"categories":[18],"tags":[],"_links":{"self":[{"href":"http:\/\/www.oevp-vm.at\/index.php?rest_route=\/wp\/v2\/posts\/4126"}],"collection":[{"href":"http:\/\/www.oevp-vm.at\/index.php?rest_route=\/wp\/v2\/posts"}],"about":[{"href":"http:\/\/www.oevp-vm.at\/index.php?rest_route=\/wp\/v2\/types\/post"}],"author":[{"embeddable":true,"href":"http:\/\/www.oevp-vm.at\/index.php?rest_route=\/wp\/v2\/users\/1"}],"replies":[{"embeddable":true,"href":"http:\/\/www.oevp-vm.at\/index.php?rest_route=%2Fwp%2Fv2%2Fcomments&post=4126"}],"version-history":[{"count":4,"href":"http:\/\/www.oevp-vm.at\/index.php?rest_route=\/wp\/v2\/posts\/4126\/revisions"}],"predecessor-version":[{"id":4133,"href":"http:\/\/www.oevp-vm.at\/index.php?rest_route=\/wp\/v2\/posts\/4126\/revisions\/4133"}],"wp:attachment":[{"href":"http:\/\/www.oevp-vm.at\/index.php?rest_route=%2Fwp%2Fv2%2Fmedia&parent=4126"}],"wp:term":[{"taxonomy":"category","embeddable":true,"href":"http:\/\/www.oevp-vm.at\/index.php?rest_route=%2Fwp%2Fv2%2Fcategories&post=4126"},{"taxonomy":"post_tag","embeddable":true,"href":"http:\/\/www.oevp-vm.at\/index.php?rest_route=%2Fwp%2Fv2%2Ftags&post=4126"}],"curies":[{"name":"wp","href":"https:\/\/api.w.org\/{rel}","templated":true}]}}