{"id":3735,"date":"2015-05-28T11:06:02","date_gmt":"2015-05-28T09:06:02","guid":{"rendered":"http:\/\/www.oevp-vm.at\/?p=3735"},"modified":"2017-04-21T19:59:09","modified_gmt":"2017-04-21T17:59:09","slug":"ehrungen-verdienter-persoenlichkeiten","status":"publish","type":"post","link":"http:\/\/www.oevp-vm.at\/?p=3735","title":{"rendered":"Ehrungen verdienter Pers\u00f6nlichkeiten"},"content":{"rendered":"<p>Im April wurden in den Redoutens\u00e4len in Linz zwei verdiente V\u00f6cklamarkter Lehrerinnen mit dem Titel Schulrat ausgezeichnet. Aus den H\u00e4nden von LH Dr. Josef P\u00fchringer und Landesschulratspr\u00e4sident Enzenhofer wurden Helga Strobl und Herta Schausberger aufgrund ihrer Leistungen der Titel Schulrat verliehen.<\/p>\n<p><a href=\"http:\/\/www.oevp-vm.at\/wp-content\/uploads\/2015\/05\/k-DSC_4338.jpg\"><img loading=\"lazy\" class=\"alignleft size-medium wp-image-3736\" src=\"http:\/\/www.oevp-vm.at\/wp-content\/uploads\/2015\/05\/k-DSC_4338-300x212.jpg\" alt=\"k-DSC_4338\" width=\"300\" height=\"212\" srcset=\"http:\/\/www.oevp-vm.at\/wp-content\/uploads\/2015\/05\/k-DSC_4338-300x212.jpg 300w, http:\/\/www.oevp-vm.at\/wp-content\/uploads\/2015\/05\/k-DSC_4338-150x106.jpg 150w, http:\/\/www.oevp-vm.at\/wp-content\/uploads\/2015\/05\/k-DSC_4338.jpg 1024w\" sizes=\"(max-width: 300px) 100vw, 300px\" \/><\/a> <a href=\"http:\/\/www.oevp-vm.at\/wp-content\/uploads\/2015\/05\/k-DSC_4339.jpg\"><img loading=\"lazy\" class=\"alignleft size-medium wp-image-3737\" src=\"http:\/\/www.oevp-vm.at\/wp-content\/uploads\/2015\/05\/k-DSC_4339-300x201.jpg\" alt=\"k-DSC_4339\" width=\"300\" height=\"201\" srcset=\"http:\/\/www.oevp-vm.at\/wp-content\/uploads\/2015\/05\/k-DSC_4339-300x201.jpg 300w, http:\/\/www.oevp-vm.at\/wp-content\/uploads\/2015\/05\/k-DSC_4339-150x100.jpg 150w, http:\/\/www.oevp-vm.at\/wp-content\/uploads\/2015\/05\/k-DSC_4339.jpg 1024w\" sizes=\"(max-width: 300px) 100vw, 300px\" \/><\/a><\/p>\n<p>&nbsp;<\/p>\n<p>&nbsp;<\/p>\n<p>&nbsp;<\/p>\n<p>&nbsp;<\/p>\n<p>&nbsp;<\/p>\n<p>&nbsp;<\/p>\n<p>&nbsp;<\/p>\n<p>&nbsp;<\/p>\n<p>&nbsp;<\/p>\n<p>&nbsp;<\/p>\n<p>&nbsp;<\/p>\n<p>&nbsp;<\/p>\n<p>Eine besondere Anerkennung erfuhr dar\u00fcber hinaus unsere Direktorin an der Volkschule V\u00f6cklamarkt, Rosemarie Reitsperger. Sie wurde f\u00fcr ihr Engament und ihre Verdienste um die Volksschule mit dem Titel Oberschulrat ausgezeichnet.<\/p>\n<p><a href=\"http:\/\/www.oevp-vm.at\/wp-content\/uploads\/2015\/05\/k-DSC_4336.jpg\"><img loading=\"lazy\" class=\"alignleft size-medium wp-image-3738\" src=\"http:\/\/www.oevp-vm.at\/wp-content\/uploads\/2015\/05\/k-DSC_4336-300x229.jpg\" alt=\"k-DSC_4336\" width=\"300\" height=\"229\" srcset=\"http:\/\/www.oevp-vm.at\/wp-content\/uploads\/2015\/05\/k-DSC_4336-300x229.jpg 300w, http:\/\/www.oevp-vm.at\/wp-content\/uploads\/2015\/05\/k-DSC_4336-150x115.jpg 150w, http:\/\/www.oevp-vm.at\/wp-content\/uploads\/2015\/05\/k-DSC_4336.jpg 1024w\" sizes=\"(max-width: 300px) 100vw, 300px\" \/><\/a><\/p>\n<p>&nbsp;<\/p>\n<p>&nbsp;<\/p>\n<p>&nbsp;<\/p>\n<p>&nbsp;<\/p>\n<p>&nbsp;<\/p>\n<p>&nbsp;<\/p>\n<p>&nbsp;<\/p>\n<p>Wir\u00a0gratulieren unseren P\u00e4dagoginnen und danken im Namen der \u00d6VP\u00a0V\u00f6cklamarkt f\u00fcr ihre wertvolle Arbeit mit den Kindern und Jugendlichen.<\/p>\n","protected":false},"excerpt":{"rendered":"<p>Im April wurden in den Redoutens\u00e4len in Linz zwei verdiente V\u00f6cklamarkter Lehrerinnen mit dem Titel Schulrat ausgezeichnet. Aus den H\u00e4nden von LH Dr. Josef P\u00fchringer und Landesschulratspr\u00e4sident Enzenhofer wurden Helga Strobl und Herta Schausberger aufgrund ihrer Leistungen der Titel Schulrat verliehen. &nbsp; &nbsp; &nbsp; &nbsp; &nbsp; &nbsp; &nbsp; &nbsp; &nbsp; &nbsp; &nbsp; &nbsp; Eine besondere [&hellip;]<\/p>\n","protected":false},"author":1,"featured_media":0,"comment_status":"closed","ping_status":"closed","sticky":false,"template":"","format":"standard","meta":[],"categories":[18],"tags":[],"_links":{"self":[{"href":"http:\/\/www.oevp-vm.at\/index.php?rest_route=\/wp\/v2\/posts\/3735"}],"collection":[{"href":"http:\/\/www.oevp-vm.at\/index.php?rest_route=\/wp\/v2\/posts"}],"about":[{"href":"http:\/\/www.oevp-vm.at\/index.php?rest_route=\/wp\/v2\/types\/post"}],"author":[{"embeddable":true,"href":"http:\/\/www.oevp-vm.at\/index.php?rest_route=\/wp\/v2\/users\/1"}],"replies":[{"embeddable":true,"href":"http:\/\/www.oevp-vm.at\/index.php?rest_route=%2Fwp%2Fv2%2Fcomments&post=3735"}],"version-history":[{"count":4,"href":"http:\/\/www.oevp-vm.at\/index.php?rest_route=\/wp\/v2\/posts\/3735\/revisions"}],"predecessor-version":[{"id":3742,"href":"http:\/\/www.oevp-vm.at\/index.php?rest_route=\/wp\/v2\/posts\/3735\/revisions\/3742"}],"wp:attachment":[{"href":"http:\/\/www.oevp-vm.at\/index.php?rest_route=%2Fwp%2Fv2%2Fmedia&parent=3735"}],"wp:term":[{"taxonomy":"category","embeddable":true,"href":"http:\/\/www.oevp-vm.at\/index.php?rest_route=%2Fwp%2Fv2%2Fcategories&post=3735"},{"taxonomy":"post_tag","embeddable":true,"href":"http:\/\/www.oevp-vm.at\/index.php?rest_route=%2Fwp%2Fv2%2Ftags&post=3735"}],"curies":[{"name":"wp","href":"https:\/\/api.w.org\/{rel}","templated":true}]}}